{"id":370,"date":"2021-11-12T15:28:55","date_gmt":"2021-11-12T14:28:55","guid":{"rendered":"http:\/\/buzz4job.be\/proforma\/?p=370"},"modified":"2021-11-12T15:28:55","modified_gmt":"2021-11-12T14:28:55","slug":"venez-nous-rejoindre","status":"publish","type":"post","link":"https:\/\/buzz4job.be\/proforma\/2021\/11\/12\/venez-nous-rejoindre\/","title":{"rendered":"Venez nous rejoindre!"},"content":{"rendered":"<div dir=\"auto\"><span class=\"pq6dq46d tbxw36s4 knj5qynh kvgmc6g5 ditlmg2l oygrvhab nvdbi5me sf5mxxl7 gl3lb2sf hhz5lgdu\"><img decoding=\"async\" loading=\"lazy\" src=\"https:\/\/static.xx.fbcdn.net\/images\/emoji.php\/v9\/t63\/1.5\/16\/26a0.png\" alt=\"&#x26a0;&#xfe0f;\" width=\"16\" height=\"16\" \/><\/span> LES JOURNEES DE L&rsquo;APPRENTISSAGE DES ADULTES EN BELGIQUE FRANCOPHONE <span class=\"pq6dq46d tbxw36s4 knj5qynh kvgmc6g5 ditlmg2l oygrvhab nvdbi5me sf5mxxl7 gl3lb2sf hhz5lgdu\"><img decoding=\"async\" loading=\"lazy\" src=\"https:\/\/static.xx.fbcdn.net\/images\/emoji.php\/v9\/t63\/1.5\/16\/26a0.png\" alt=\"&#x26a0;&#xfe0f;\" width=\"16\" height=\"16\" \/><\/span><\/div>\n<div dir=\"auto\">26\/11\/2021 &#8211; Li\u00e8ge, Site du Val-Beno\u00eet : Quai Banning, 6 4000 LIEGE<\/div>\n<div dir=\"auto\">Proforma aura le plaisir de vous accueillir \u00e0 son stand lors de la journ\u00e9e de l&rsquo;apprentissage des adultes en Belgique francophone.<\/div>\n<div dir=\"auto\">Notre \u00e9quipe vous pr\u00e9sentera nos formations et r\u00e9pondra \u00e0 toutes vos questions.<\/div>\n<div dir=\"auto\">N&rsquo;h\u00e9sitez pas \u00e0 nous rendre visite !<\/div>\n<div dir=\"auto\"><img decoding=\"async\" loading=\"lazy\" class=\"alignnone size-full wp-image-371\" src=\"https:\/\/buzz4job.be\/proforma\/wp-content\/uploads\/2021\/11\/Journ\u00e9e-apprentissage-adultes.jpg\" alt=\"\" width=\"1754\" height=\"2480\" srcset=\"https:\/\/buzz4job.be\/proforma\/wp-content\/uploads\/2021\/11\/Journ\u00e9e-apprentissage-adultes.jpg 1754w, https:\/\/buzz4job.be\/proforma\/wp-content\/uploads\/2021\/11\/Journ\u00e9e-apprentissage-adultes-212x300.jpg 212w, https:\/\/buzz4job.be\/proforma\/wp-content\/uploads\/2021\/11\/Journ\u00e9e-apprentissage-adultes-768x1086.jpg 768w, https:\/\/buzz4job.be\/proforma\/wp-content\/uploads\/2021\/11\/Journ\u00e9e-apprentissage-adultes-724x1024.jpg 724w\" sizes=\"(max-width: 767px) 89vw, (max-width: 1000px) 54vw, (max-width: 1071px) 543px, 580px\" \/><\/div>\n","protected":false},"excerpt":{"rendered":"<p>LES JOURNEES DE L&rsquo;APPRENTISSAGE DES ADULTES EN BELGIQUE FRANCOPHONE 26\/11\/2021 &#8211; Li\u00e8ge, Site du Val-Beno\u00eet : Quai Banning, 6 4000 LIEGE Proforma aura le plaisir de vous accueillir \u00e0 son stand lors de la journ\u00e9e de l&rsquo;apprentissage des adultes en Belgique francophone. Notre \u00e9quipe vous pr\u00e9sentera nos formations et r\u00e9pondra \u00e0 toutes vos questions. N&rsquo;h\u00e9sitez &hellip; <\/p>\n<p class=\"link-more\"><a href=\"https:\/\/buzz4job.be\/proforma\/2021\/11\/12\/venez-nous-rejoindre\/\" class=\"more-link\">Continuer la lecture<span class=\"screen-reader-text\"> de &laquo;&nbsp;Venez nous rejoindre!&nbsp;&raquo;<\/span><\/a><\/p>\n","protected":false},"author":1,"featured_media":0,"comment_status":"open","ping_status":"open","sticky":false,"template":"","format":"standard","meta":[],"categories":[1],"tags":[],"_links":{"self":[{"href":"https:\/\/buzz4job.be\/proforma\/wp-json\/wp\/v2\/posts\/370"}],"collection":[{"href":"https:\/\/buzz4job.be\/proforma\/wp-json\/wp\/v2\/posts"}],"about":[{"href":"https:\/\/buzz4job.be\/proforma\/wp-json\/wp\/v2\/types\/post"}],"author":[{"embeddable":true,"href":"https:\/\/buzz4job.be\/proforma\/wp-json\/wp\/v2\/users\/1"}],"replies":[{"embeddable":true,"href":"https:\/\/buzz4job.be\/proforma\/wp-json\/wp\/v2\/comments?post=370"}],"version-history":[{"count":1,"href":"https:\/\/buzz4job.be\/proforma\/wp-json\/wp\/v2\/posts\/370\/revisions"}],"predecessor-version":[{"id":372,"href":"https:\/\/buzz4job.be\/proforma\/wp-json\/wp\/v2\/posts\/370\/revisions\/372"}],"wp:attachment":[{"href":"https:\/\/buzz4job.be\/proforma\/wp-json\/wp\/v2\/media?parent=370"}],"wp:term":[{"taxonomy":"category","embeddable":true,"href":"https:\/\/buzz4job.be\/proforma\/wp-json\/wp\/v2\/categories?post=370"},{"taxonomy":"post_tag","embeddable":true,"href":"https:\/\/buzz4job.be\/proforma\/wp-json\/wp\/v2\/tags?post=370"}],"curies":[{"name":"wp","href":"https:\/\/api.w.org\/{rel}","templated":true}]}}